{"id":1263,"date":"2020-02-28T19:32:38","date_gmt":"2020-02-28T18:32:38","guid":{"rendered":"http:\/\/saboresdechuso.com\/?p=1263"},"modified":"2021-09-09T07:52:43","modified_gmt":"2021-09-09T07:52:43","slug":"poire-belle-helene-peras-al-chocolate","status":"publish","type":"post","link":"https:\/\/saboresdechuso.com\/index.php\/2020\/02\/28\/poire-belle-helene-peras-al-chocolate\/","title":{"rendered":"Poire belle-h\u00e9l\u00e8ne (Peras al chocolate)"},"content":{"rendered":"\n<p class=\"has-bright-blue-color has-text-color\"><strong>Origen<\/strong><\/p>\n\n\n\n<p>Le receta es un cl\u00e1sico franc\u00e9s del chef Escoffier.<\/p>\n\n\n\n<p class=\"has-bright-blue-color has-text-color\"><strong>Ingredientes<\/strong><\/p>\n\n\n\n<p><strong>Peras pochadas en alm\u00edbar:<\/strong><\/p>\n\n\n\n<p>4 Ud de peras conferencia 1 l de agua<br>300 g de az\u00facar<br>1 rama de vainilla<\/p>\n\n\n\n<p><strong>Sirope de chocolate:<\/strong><\/p>\n\n\n\n<p>180 ml de leche<br>100 ml de nata<br>60 g de az\u00facar<br>240 g de chocolate (amargo) 100 g de cr\u00e8me fra\u00eeche<\/p>\n\n\n\n<p class=\"has-bright-blue-color has-text-color\"><strong>Elaboraci\u00f3n<\/strong><\/p>\n\n\n\n<p>Lavamos las peras y las descorazonamos por la base con un descorazonadoramente o una puntilla. Las cocemos en el alm\u00edbar con canela , a fuego bajo 15 minutos.<\/p>\n\n\n\n<p>Calentar la leche y la nata con el az\u00facar, verter encima del chocolate y agregar la cr\u00e8me fra\u00eeche y la sal<\/p>\n\n\n\n<p class=\"has-bright-blue-color has-text-color\"><strong>Presentaci\u00f3n<\/strong> <\/p>\n\n\n\n<p>Servir una pera entera y otra a medias y ba\u00f1ar con el chocolate. Acompa\u00f1ar con helado de vainilla.<\/p>\n","protected":false},"excerpt":{"rendered":"<p>Origen Le receta es un cl\u00e1sico franc\u00e9s del chef Escoffier. Ingredientes Peras pochadas en alm\u00edbar: 4 Ud de peras conferencia 1 l de agua300 g de az\u00facar1 rama de vainilla Sirope de chocolate: 180 ml de leche100 ml de nata60 g de az\u00facar240 g de chocolate (amargo) 100 g de cr\u00e8me fra\u00eeche Elaboraci\u00f3n Lavamos las&#8230; <\/p>\n<div class=\"link-more\"><a href=\"https:\/\/saboresdechuso.com\/index.php\/2020\/02\/28\/poire-belle-helene-peras-al-chocolate\/\">Read More<\/a><\/div>\n","protected":false},"author":1,"featured_media":2290,"comment_status":"open","ping_status":"open","sticky":false,"template":"","format":"standard","meta":{"om_disable_all_campaigns":false,"_monsterinsights_skip_tracking":false,"_monsterinsights_sitenote_active":false,"_monsterinsights_sitenote_note":"","_monsterinsights_sitenote_category":0,"footnotes":""},"categories":[18,2],"tags":[],"class_list":["post-1263","post","type-post","status-publish","format-standard","has-post-thumbnail","hentry","category-postres-panes-y-dulces","category-recetas"],"_links":{"self":[{"href":"https:\/\/saboresdechuso.com\/index.php\/wp-json\/wp\/v2\/posts\/1263","targetHints":{"allow":["GET"]}}],"collection":[{"href":"https:\/\/saboresdechuso.com\/index.php\/wp-json\/wp\/v2\/posts"}],"about":[{"href":"https:\/\/saboresdechuso.com\/index.php\/wp-json\/wp\/v2\/types\/post"}],"author":[{"embeddable":true,"href":"https:\/\/saboresdechuso.com\/index.php\/wp-json\/wp\/v2\/users\/1"}],"replies":[{"embeddable":true,"href":"https:\/\/saboresdechuso.com\/index.php\/wp-json\/wp\/v2\/comments?post=1263"}],"version-history":[{"count":1,"href":"https:\/\/saboresdechuso.com\/index.php\/wp-json\/wp\/v2\/posts\/1263\/revisions"}],"predecessor-version":[{"id":2623,"href":"https:\/\/saboresdechuso.com\/index.php\/wp-json\/wp\/v2\/posts\/1263\/revisions\/2623"}],"wp:featuredmedia":[{"embeddable":true,"href":"https:\/\/saboresdechuso.com\/index.php\/wp-json\/wp\/v2\/media\/2290"}],"wp:attachment":[{"href":"https:\/\/saboresdechuso.com\/index.php\/wp-json\/wp\/v2\/media?parent=1263"}],"wp:term":[{"taxonomy":"category","embeddable":true,"href":"https:\/\/saboresdechuso.com\/index.php\/wp-json\/wp\/v2\/categories?post=1263"},{"taxonomy":"post_tag","embeddable":true,"href":"https:\/\/saboresdechuso.com\/index.php\/wp-json\/wp\/v2\/tags?post=1263"}],"curies":[{"name":"wp","href":"https:\/\/api.w.org\/{rel}","templated":true}]}}